{"id":8776,"date":"2025-11-16T11:53:27","date_gmt":"2025-11-16T11:53:27","guid":{"rendered":"https:\/\/cesumakslasskola.lv\/?p=8776"},"modified":"2025-11-16T11:54:49","modified_gmt":"2025-11-16T11:54:49","slug":"gada-darbinieks-2025","status":"publish","type":"post","link":"https:\/\/cesumakslasskola.lv\/?p=8776","title":{"rendered":"\u201cGada darbinieks 2025\u201d"},"content":{"rendered":"<p style=\"font-weight: 400;\">\u00a0Tre\u0161dien, 12. novembr\u012b, koncertz\u0101l\u0113 \u201cC\u0113sis\u201d pulc\u0113j\u0101s C\u0113su novada pa\u0161vald\u012bbas darbinieki uz ikgad\u0113jo apbalvo\u0161anas pas\u0101kumu, kur\u0101 C\u0113su novada vad\u012bba izteica pateic\u012bbu par vi\u0146u ieguld\u012bto darbu, atbild\u012bbu un sirdsdegsmi. Tradicion\u0101li \u0161aj\u0101 notikum\u0101 tika godin\u0101ti darbinieki no da\u017e\u0101d\u0101m novada apvien\u012bb\u0101m, kuri ar savu profesionalit\u0101ti, godpr\u0101t\u012bgu attieksmi un iniciat\u012bvu sniegu\u0161i noz\u012bm\u012bgu ieguld\u012bjumu pa\u0161vald\u012bbas un sabiedr\u012bbas\u00a0lab\u0101.<!--more--><\/p>\n<p style=\"font-weight: 400;\"><strong>Aigars Lenkevi\u010ds apbalvojumam \u201cGada darbinieks 2025\u201d<\/strong>\u00a0tika izvirz\u012bts \u00adpar\u00a0<strong>r\u016bp\u012bgu, rado\u0161u un profesion\u0101lu darbu t\u0113lniec\u012bbas un z\u012bm\u0113\u0161anas pedago\u0123ij\u0101<\/strong>,\u00a0<strong>par audz\u0113k\u0146u pan\u0101kumu veicin\u0101\u0161anu konkursos<\/strong>,\u00a0<strong>akt\u012bvu l\u012bdzdal\u012bbu skolas projektos<\/strong>\u00a0un\u00a0<strong>noz\u012bm\u012bgu ieguld\u012bjumu P\u0113tera Rozenberga C\u0113su pils\u0113tas M\u0101kslas skolas izgl\u012bt\u012bbas kvalit\u0101tes un rado\u0161\u0101s vides att\u012bst\u012bb\u0101.<\/strong><\/p>\n<p style=\"font-weight: 400;\"><strong>\u00a0<\/strong><\/p>\n<p style=\"font-weight: 400;\"><strong>Aigars Lenkevi\u010ds P\u0113tera Rozenberga C\u0113su pils\u0113tas M\u0101kslas skol\u0101 str\u0101d\u0101 kop\u0161 2022. gada 1. septembra.<\/strong>\u00a0\u0160aj\u0101 laik\u0101 vi\u0146\u0161 sevi apliecin\u0101jis k\u0101\u00a0<strong>cent\u012bgu, atbild\u012bgu un rado\u0161i ieinteres\u0113tu pedagogu<\/strong>, kur\u0161 ar profesion\u0101lu p\u0101rliec\u012bbu un paciet\u012bbu att\u012bsta skol\u0113nos gan\u00a0<strong>veido\u0161anas<\/strong>, gan\u00a0<strong>z\u012bm\u0113\u0161anas<\/strong>\u00a0prasmes.<\/p>\n<p style=\"font-weight: 400;\">Aigars velt\u012b daudz uzman\u012bbas tam, lai skolnieki apg\u016btu\u00a0<strong>kompoz\u012bcijas principus<\/strong>,\u00a0<strong>da\u017e\u0101dus z\u012bm\u0113\u0161anas pa\u0146\u0113mienus<\/strong>\u00a0un\u00a0<strong>perspekt\u012bves likumsakar\u012bbas<\/strong>, pal\u012bdzot vi\u0146iem soli pa solim ieraudz\u012bt un att\u0113lot telpiskumu, proporcijas un formu.<\/p>\n<p style=\"font-weight: 400;\">Sveicam!<\/p>\n\n\t\t<style type=\"text\/css\">\n\t\t\t#gallery-1 {\n\t\t\t\tmargin: auto;\n\t\t\t}\n\t\t\t#gallery-1 .gallery-item {\n\t\t\t\tfloat: left;\n\t\t\t\tmargin-top: 10px;\n\t\t\t\ttext-align: center;\n\t\t\t\twidth: 33%;\n\t\t\t}\n\t\t\t#gallery-1 img {\n\t\t\t\tborder: 2px solid #cfcfcf;\n\t\t\t}\n\t\t\t#gallery-1 .gallery-caption {\n\t\t\t\tmargin-left: 0;\n\t\t\t}\n\t\t\t\/* see gallery_shortcode() in wp-includes\/media.php *\/\n\t\t<\/style>\n\t\t<div id='gallery-1' class='gallery galleryid-8776 gallery-columns-3 gallery-size-thumbnail'><dl class='gallery-item'>\n\t\t\t<dt class='gallery-icon portrait'>\n\t\t\t\t<a href='https:\/\/cesumakslasskola.lv\/wp-content\/uploads\/2025\/11\/Foto_Aigars1.jpg'><img loading=\"lazy\" decoding=\"async\" width=\"86\" height=\"86\" src=\"https:\/\/cesumakslasskola.lv\/wp-content\/uploads\/2025\/11\/Foto_Aigars1-86x86.jpg\" class=\"attachment-thumbnail size-thumbnail\" alt=\"\" srcset=\"https:\/\/cesumakslasskola.lv\/wp-content\/uploads\/2025\/11\/Foto_Aigars1-86x86.jpg 86w, https:\/\/cesumakslasskola.lv\/wp-content\/uploads\/2025\/11\/Foto_Aigars1-255x255.jpg 255w\" sizes=\"auto, (max-width: 86px) 100vw, 86px\" \/><\/a>\n\t\t\t<\/dt><\/dl><dl class='gallery-item'>\n\t\t\t<dt class='gallery-icon landscape'>\n\t\t\t\t<a href='https:\/\/cesumakslasskola.lv\/wp-content\/uploads\/2025\/11\/Foto_Aigars_3jpg.jpg'><img loading=\"lazy\" decoding=\"async\" width=\"86\" height=\"86\" src=\"https:\/\/cesumakslasskola.lv\/wp-content\/uploads\/2025\/11\/Foto_Aigars_3jpg-86x86.jpg\" class=\"attachment-thumbnail size-thumbnail\" alt=\"\" srcset=\"https:\/\/cesumakslasskola.lv\/wp-content\/uploads\/2025\/11\/Foto_Aigars_3jpg-86x86.jpg 86w, https:\/\/cesumakslasskola.lv\/wp-content\/uploads\/2025\/11\/Foto_Aigars_3jpg-255x255.jpg 255w\" sizes=\"auto, (max-width: 86px) 100vw, 86px\" \/><\/a>\n\t\t\t<\/dt><\/dl><dl class='gallery-item'>\n\t\t\t<dt class='gallery-icon landscape'>\n\t\t\t\t<a href='https:\/\/cesumakslasskola.lv\/wp-content\/uploads\/2025\/11\/Foto_Aigars2.jpg'><img loading=\"lazy\" decoding=\"async\" width=\"86\" height=\"86\" src=\"https:\/\/cesumakslasskola.lv\/wp-content\/uploads\/2025\/11\/Foto_Aigars2-86x86.jpg\" class=\"attachment-thumbnail size-thumbnail\" alt=\"\" srcset=\"https:\/\/cesumakslasskola.lv\/wp-content\/uploads\/2025\/11\/Foto_Aigars2-86x86.jpg 86w, https:\/\/cesumakslasskola.lv\/wp-content\/uploads\/2025\/11\/Foto_Aigars2-255x255.jpg 255w\" sizes=\"auto, (max-width: 86px) 100vw, 86px\" \/><\/a>\n\t\t\t<\/dt><\/dl><br style=\"clear: both\" \/>\n\t\t<\/div>\n\n","protected":false},"excerpt":{"rendered":"<p>\u00a0Tre\u0161dien, 12. novembr\u012b, koncertz\u0101l\u0113 \u201cC\u0113sis\u201d pulc\u0113j\u0101s C\u0113su novada pa\u0161vald\u012bbas darbinieki uz ikgad\u0113jo apbalvo\u0161anas pas\u0101kumu, kur\u0101 C\u0113su novada vad\u012bba izteica pateic\u012bbu par vi\u0146u ieguld\u012bto darbu, atbild\u012bbu un sirdsdegsmi. Tradicion\u0101li \u0161aj\u0101 notikum\u0101 tika godin\u0101ti darbinieki no da\u017e\u0101d\u0101m novada apvien\u012bb\u0101m, kuri ar savu profesionalit\u0101ti, godpr\u0101t\u012bgu attieksmi un iniciat\u012bvu sniegu\u0161i noz\u012bm\u012bgu ieguld\u012bjumu pa\u0161vald\u012bbas un sabiedr\u012bbas\u00a0lab\u0101.<\/p>\n","protected":false},"author":1,"featured_media":8778,"comment_status":"open","ping_status":"open","sticky":false,"template":"","format":"standard","meta":{"footnotes":""},"categories":[1],"tags":[],"class_list":["post-8776","post","type-post","status-publish","format-standard","has-post-thumbnail","hentry","category-aktualitates"],"_links":{"self":[{"href":"https:\/\/cesumakslasskola.lv\/index.php?rest_route=\/wp\/v2\/posts\/8776","targetHints":{"allow":["GET"]}}],"collection":[{"href":"https:\/\/cesumakslasskola.lv\/index.php?rest_route=\/wp\/v2\/posts"}],"about":[{"href":"https:\/\/cesumakslasskola.lv\/index.php?rest_route=\/wp\/v2\/types\/post"}],"author":[{"embeddable":true,"href":"https:\/\/cesumakslasskola.lv\/index.php?rest_route=\/wp\/v2\/users\/1"}],"replies":[{"embeddable":true,"href":"https:\/\/cesumakslasskola.lv\/index.php?rest_route=%2Fwp%2Fv2%2Fcomments&post=8776"}],"version-history":[{"count":1,"href":"https:\/\/cesumakslasskola.lv\/index.php?rest_route=\/wp\/v2\/posts\/8776\/revisions"}],"predecessor-version":[{"id":8780,"href":"https:\/\/cesumakslasskola.lv\/index.php?rest_route=\/wp\/v2\/posts\/8776\/revisions\/8780"}],"wp:featuredmedia":[{"embeddable":true,"href":"https:\/\/cesumakslasskola.lv\/index.php?rest_route=\/wp\/v2\/media\/8778"}],"wp:attachment":[{"href":"https:\/\/cesumakslasskola.lv\/index.php?rest_route=%2Fwp%2Fv2%2Fmedia&parent=8776"}],"wp:term":[{"taxonomy":"category","embeddable":true,"href":"https:\/\/cesumakslasskola.lv\/index.php?rest_route=%2Fwp%2Fv2%2Fcategories&post=8776"},{"taxonomy":"post_tag","embeddable":true,"href":"https:\/\/cesumakslasskola.lv\/index.php?rest_route=%2Fwp%2Fv2%2Ftags&post=8776"}],"curies":[{"name":"wp","href":"https:\/\/api.w.org\/{rel}","templated":true}]}}