{"id":9142,"date":"2026-08-30T07:16:52","date_gmt":"2026-08-30T07:16:52","guid":{"rendered":"https:\/\/cesumakslasskola.lv\/?p=9142"},"modified":"2026-08-30T07:16:52","modified_gmt":"2026-08-30T07:16:52","slug":"sakam-jauno-2026-2027-macibu-gadu-kopa","status":"publish","type":"post","link":"https:\/\/cesumakslasskola.lv\/?p=9142","title":{"rendered":"S\u0101kam jauno 2026.\/2027. m\u0101c\u012bbu gadu kop\u0101!"},"content":{"rendered":"<ol>\n<li><strong> septembris P\u0113tera Rozenberga C\u0113su pils\u0113tas m\u0101kslas skol\u0101 vienm\u0113r ir \u012bpa\u0161s<\/strong> \u2013 t\u0101 ir atkalredz\u0113\u0161an\u0101s ar skolasbiedriem un pedagogiem, satik\u0161an\u0101s prieks un, protams, pirmais otas triepiens jaun\u0101 m\u0101c\u012bbu gada rado\u0161aj\u0101 piedz\u012bvojum\u0101!<\/li>\n<\/ol>\n<p>\u0160ogad aicin\u0101m audz\u0113k\u0146us, vec\u0101kus, da\u017e\u0101du skolu jaunie\u0161us un viet\u0113jo kopienu uz \u012bpa\u0161u sv\u0113tku pas\u0101kumu <strong><\/strong><strong> M\u0101kslas skolas pagalma sv\u0113tki \u201cKad z\u012bm\u0113jums atdz\u012bvojas\u201d<\/strong><!--more--><\/p>\n<ol>\n<li><strong> septembr\u012b plkst. 16.00<\/strong> tiksimies P\u0113tera Rozenberga C\u0113su pils\u0113tas m\u0101kslas skolas pagalm\u0101, lai kop\u012bgi atkl\u0101tu jauno m\u0101c\u012bbu gadu!<\/li>\n<\/ol>\n<p>Jauno m\u0101c\u012bbu gadu svin\u012bgaj\u0101 pas\u0101kumu, uzrun\u0101jot kl\u0101teso\u0161os atkl\u0101s <strong>C\u0113su novada domes deput\u0101ts J\u0101nis Gabr\u0101ns<\/strong> un <strong>M\u0101kslas skolas direktore Patricija Brekte-Pannetj\u0113<\/strong>.<\/p>\n<ol>\n<li><strong> septembr\u012b \u012bpa\u0161i gaid\u012bsim visus m\u016bsu audz\u0113k\u0146us \u2013 gan 20V, gan 30V programmas skol\u0113nus, gan no C\u0113su skolas, gan no Prieku\u013cu fili\u0101les.<\/strong> Vi\u0146us jaunaj\u0101 m\u0101c\u012bbu gad\u0101 ar prieku sagaid\u012bs m\u016bsu pedagogi, kuri b\u016bs l\u012bdz\u0101s ikvienam audz\u0113knim, pal\u012bdzot atkl\u0101t jaunas idejas, att\u012bst\u012bt rado\u0161\u0101s prasmes un drosm\u012bgi doties pret\u012b jauniem m\u0101kslas piedz\u012bvojumiem.<\/li>\n<\/ol>\n<p>Pie mums viesosies <strong>Z\u012bm\u0113juma te\u0101tris<\/strong> kop\u0101 ar \u012bpa\u0161ajiem sv\u0113tku viesiem:<\/p>\n<ul>\n<li><strong>Varis Klaus\u012bt\u0101js<\/strong> \u2013 mikrofons;<\/li>\n<li><strong>M\u0101rti\u0146\u0161 Zutis<\/strong> \u2013 otas;<\/li>\n<li><strong>Aleksejs Bahirs<\/strong> \u2013 vijole.<\/li>\n<\/ul>\n<p>Kl\u0101teso\u0161ie tiks aicin\u0101ti k\u013c\u016bt par da\u013cu no aizraujo\u0161a improviz\u0101cijas procesa profesion\u0101lu m\u0101kslinieku vad\u012bb\u0101. <strong>Z\u012bm\u0113jums, m\u016bzika un te\u0101tris apvienosies vienot\u0101 kop\u012bg\u0101 m\u0101kslas darb\u0101 par C\u0113s\u012bm<\/strong>, veidojot notikumu, kur\u0101 ikviens var\u0113s rado\u0161i iesaist\u012bties.<\/p>\n<p>\u0160is b\u016bs st\u0101sts par rado\u0161umu, sadarb\u012bbu un kop\u0101 b\u016b\u0161anu \u2013 par to, k\u0101 ideja, l\u012bnija, ska\u0146a un kust\u012bba var p\u0101rtapt vienot\u0101 m\u0101kslas darb\u0101.<\/p>\n<p><strong>Sirsn\u012bgs paldies C\u0113su novada kult\u016bras projektu konkursa atbalstam, kas pal\u012bdz\u0113jis \u0161iem sv\u0113tkiem tapt!<\/strong><\/p>\n<p><strong>Jauns m\u0101c\u012bbu gads \u2013 jauni piedz\u012bvojumi, <\/strong>jaunas idejas, izst\u0101des, rado\u0161i projekti, draudz\u012bbas un iesp\u0113jas atkl\u0101t un att\u012bst\u012bt savu m\u0101ksliniecisko talantu.<\/p>\n<p>\u012apa\u0161i gaid\u012bsim <strong>m\u016bsu jaunos audz\u0113k\u0146us<\/strong>, kuri 1. septembr\u012b pirmo reizi k\u013c\u016bs par da\u013cu no <strong>P\u0113tera Rozenberga C\u0113su pils\u0113tas m\u0101kslas skolas saimes<\/strong>. Lai pirm\u0101 diena skol\u0101 ir skaists s\u0101kums ce\u013cam, kas piepild\u012bts ar kr\u0101s\u0101m, atkl\u0101jumiem, drosm\u012bg\u0101m idej\u0101m un iedvesmu!<\/p>\n<p><strong>Lai jaunais m\u0101c\u012bbu gads ir rado\u0161s, aizraujo\u0161s un piepild\u012bts!<\/strong><\/p>\n<p> <strong>P\u0113tera Rozenberga C\u0113su pils\u0113tas m\u0101kslas skolas pagalms<\/strong><br \/>\n <strong>2026. gada 1. septembris<\/strong><br \/>\n <strong>Plkst. 16.00<\/strong><\/p>\n<p><strong>Tiekamies, lai kop\u0101 atkl\u0101tu jauno 2026.\/2027. m\u0101c\u012bbu gadu!<\/strong><\/p>\n\n\t\t<style type=\"text\/css\">\n\t\t\t#gallery-1 {\n\t\t\t\tmargin: auto;\n\t\t\t}\n\t\t\t#gallery-1 .gallery-item {\n\t\t\t\tfloat: left;\n\t\t\t\tmargin-top: 10px;\n\t\t\t\ttext-align: center;\n\t\t\t\twidth: 33%;\n\t\t\t}\n\t\t\t#gallery-1 img {\n\t\t\t\tborder: 2px solid #cfcfcf;\n\t\t\t}\n\t\t\t#gallery-1 .gallery-caption {\n\t\t\t\tmargin-left: 0;\n\t\t\t}\n\t\t\t\/* see gallery_shortcode() in wp-includes\/media.php *\/\n\t\t<\/style>\n\t\t<div id='gallery-1' class='gallery galleryid-9142 gallery-columns-3 gallery-size-thumbnail'><dl class='gallery-item'>\n\t\t\t<dt class='gallery-icon portrait'>\n\t\t\t\t<a href='https:\/\/cesumakslasskola.lv\/wp-content\/uploads\/2026\/08\/2026_1.sept_Plakats_PRCPMSkola.jpg'><img loading=\"lazy\" decoding=\"async\" width=\"86\" height=\"86\" src=\"https:\/\/cesumakslasskola.lv\/wp-content\/uploads\/2026\/08\/2026_1.sept_Plakats_PRCPMSkola-86x86.jpg\" class=\"attachment-thumbnail size-thumbnail\" alt=\"\" srcset=\"https:\/\/cesumakslasskola.lv\/wp-content\/uploads\/2026\/08\/2026_1.sept_Plakats_PRCPMSkola-86x86.jpg 86w, https:\/\/cesumakslasskola.lv\/wp-content\/uploads\/2026\/08\/2026_1.sept_Plakats_PRCPMSkola-255x255.jpg 255w\" sizes=\"auto, (max-width: 86px) 100vw, 86px\" \/><\/a>\n\t\t\t<\/dt><\/dl>\n\t\t\t<br style='clear: both' \/>\n\t\t<\/div>\n\n","protected":false},"excerpt":{"rendered":"<p>septembris P\u0113tera Rozenberga C\u0113su pils\u0113tas m\u0101kslas skol\u0101 vienm\u0113r ir \u012bpa\u0161s \u2013 t\u0101 ir atkalredz\u0113\u0161an\u0101s ar skolasbiedriem un pedagogiem, satik\u0161an\u0101s prieks un, protams, pirmais otas triepiens jaun\u0101 m\u0101c\u012bbu gada rado\u0161aj\u0101 piedz\u012bvojum\u0101! \u0160ogad aicin\u0101m audz\u0113k\u0146us, vec\u0101kus, da\u017e\u0101du skolu jaunie\u0161us un viet\u0113jo kopienu uz \u012bpa\u0161u sv\u0113tku pas\u0101kumu M\u0101kslas skolas pagalma sv\u0113tki \u201cKad z\u012bm\u0113jums atdz\u012bvojas\u201d<\/p>\n","protected":false},"author":1,"featured_media":9143,"comment_status":"open","ping_status":"open","sticky":false,"template":"","format":"standard","meta":{"footnotes":""},"categories":[1],"tags":[],"class_list":["post-9142","post","type-post","status-publish","format-standard","has-post-thumbnail","hentry","category-aktualitates"],"_links":{"self":[{"href":"https:\/\/cesumakslasskola.lv\/index.php?rest_route=\/wp\/v2\/posts\/9142","targetHints":{"allow":["GET"]}}],"collection":[{"href":"https:\/\/cesumakslasskola.lv\/index.php?rest_route=\/wp\/v2\/posts"}],"about":[{"href":"https:\/\/cesumakslasskola.lv\/index.php?rest_route=\/wp\/v2\/types\/post"}],"author":[{"embeddable":true,"href":"https:\/\/cesumakslasskola.lv\/index.php?rest_route=\/wp\/v2\/users\/1"}],"replies":[{"embeddable":true,"href":"https:\/\/cesumakslasskola.lv\/index.php?rest_route=%2Fwp%2Fv2%2Fcomments&post=9142"}],"version-history":[{"count":1,"href":"https:\/\/cesumakslasskola.lv\/index.php?rest_route=\/wp\/v2\/posts\/9142\/revisions"}],"predecessor-version":[{"id":9144,"href":"https:\/\/cesumakslasskola.lv\/index.php?rest_route=\/wp\/v2\/posts\/9142\/revisions\/9144"}],"wp:featuredmedia":[{"embeddable":true,"href":"https:\/\/cesumakslasskola.lv\/index.php?rest_route=\/wp\/v2\/media\/9143"}],"wp:attachment":[{"href":"https:\/\/cesumakslasskola.lv\/index.php?rest_route=%2Fwp%2Fv2%2Fmedia&parent=9142"}],"wp:term":[{"taxonomy":"category","embeddable":true,"href":"https:\/\/cesumakslasskola.lv\/index.php?rest_route=%2Fwp%2Fv2%2Fcategories&post=9142"},{"taxonomy":"post_tag","embeddable":true,"href":"https:\/\/cesumakslasskola.lv\/index.php?rest_route=%2Fwp%2Fv2%2Ftags&post=9142"}],"curies":[{"name":"wp","href":"https:\/\/api.w.org\/{rel}","templated":true}]}}